{"id":678,"date":"2023-12-22T16:27:07","date_gmt":"2023-12-22T16:27:07","guid":{"rendered":"http:\/\/proiectpractic.ro\/?p=678"},"modified":"2024-11-13T16:28:39","modified_gmt":"2024-11-13T16:28:39","slug":"proiectul-practic-top-5-competente-esentiale-de-care-sa-tina-cont-orice-program-de-formare","status":"publish","type":"post","link":"https:\/\/proiectpractic.ro\/index.php\/2023\/12\/22\/proiectul-practic-top-5-competente-esentiale-de-care-sa-tina-cont-orice-program-de-formare\/","title":{"rendered":"Proiectul Practic: Top 5 Competen\u021be Esen\u021biale de Care s\u0103 \u021ain\u0103 Cont Orice Program de Formare"},"content":{"rendered":"\n<p>Proiectul Practic, parte a Programului Opera\u021bional Capital Uman 2014-2020, pune un accent deosebit pe dezvoltarea competen\u021belor necesare pentru integrarea elevilor pe pia\u021ba muncii. Pentru a asigura succesul unui program de formare profesional\u0103, este esen\u021bial s\u0103 se \u021bin\u0103 cont de competen\u021bele relevante \u0219i cerute de angajatori \u00een contextul actual al pie\u021bei muncii. \u00cen acest articol, vom explora cinci competen\u021be esen\u021biale care trebuie s\u0103 fie integrate \u00een orice program de formare profesional\u0103 pentru a asigura preg\u0103tirea adecvat\u0103 a elevilor pentru viitorul lor profesional.<\/p>\n\n\n\n<p><strong>1. Competen\u021be Tehnice<\/strong><\/p>\n\n\n\n<p>O component\u0103 esen\u021bial\u0103 a oric\u0103rui program de formare este dezvoltarea competen\u021belor tehnice specifice domeniului \u00een care elevii vor lucra. Aceste competen\u021be includ cuno\u0219tin\u021be \u0219i abilit\u0103\u021bi practice care sunt direct aplicabile \u00een activit\u0103\u021bile profesionale. Proiectul Practic pune un accent puternic pe preg\u0103tirea practic\u0103 a elevilor prin stagii desf\u0103\u0219urate \u00een parteneriat cu operatori economici, oferindu-le astfel o experien\u021b\u0103 valoroas\u0103 \u0219i relevant\u0103.<\/p>\n\n\n\n<p><strong>2. Abilit\u0103\u021bi de Comunicare<\/strong><\/p>\n\n\n\n<p>Abilit\u0103\u021bile de comunicare sunt esen\u021biale pentru succesul profesional \u00een orice domeniu. Elevii trebuie s\u0103 \u00eenve\u021be s\u0103 se exprime clar \u0219i eficient, s\u0103 asculte activ \u0219i s\u0103 colaboreze cu colegii \u0219i superiorii. Programele de formare ar trebui s\u0103 includ\u0103 exerci\u021bii de comunicare, prezent\u0103ri \u0219i activit\u0103\u021bi de lucru \u00een echip\u0103 pentru a dezvolta aceast\u0103 competen\u021b\u0103. Prin Proiectul Practic, elevii sunt expu\u0219i la situa\u021bii reale de munc\u0103 \u00een care comunicarea joac\u0103 un rol critic.<\/p>\n\n\n\n<p><strong>3. Abilit\u0103\u021bi de Rezolvare a Problemelor<\/strong><\/p>\n\n\n\n<p>Capacitatea de a analiza problemele, de a identifica solu\u021bii \u0219i de a lua decizii eficiente este o alt\u0103 competen\u021b\u0103 important\u0103 pentru orice program de formare. Elevii trebuie s\u0103 fie preg\u0103ti\u021bi s\u0103 fac\u0103 fa\u021b\u0103 provoc\u0103rilor \u0219i s\u0103 g\u0103seasc\u0103 solu\u021bii inovatoare pentru problemele \u00eent\u00e2lnite. Proiectul Practic sprijin\u0103 dezvoltarea acestei competen\u021be prin activit\u0103\u021bi practice \u0219i exerci\u021bii care implic\u0103 g\u00e2ndirea critic\u0103 \u0219i luarea deciziilor.<\/p>\n\n\n\n<p><strong>4. Adaptabilitate \u0219i Flexibilitate<\/strong><\/p>\n\n\n\n<p>Pia\u021ba muncii este \u00een continu\u0103 schimbare, iar capacitatea de a se adapta rapid la noile cerin\u021be \u0219i tehnologii este vital\u0103. Programele de formare trebuie s\u0103 \u00eencurajeze flexibilitatea \u0219i s\u0103 ofere elevilor instrumentele necesare pentru a se adapta rapid la noile condi\u021bii de munc\u0103. Prin implicarea \u00een activit\u0103\u021bi diverse \u0219i colaborarea cu profesioni\u0219ti din industrie, elevii Proiectului Practic sunt preg\u0103ti\u021bi s\u0103 \u00ee\u0219i ajusteze abilit\u0103\u021bile \u00een func\u021bie de cerin\u021bele pie\u021bei.<\/p>\n\n\n\n<p><strong>5. Colaborare \u0219i Lucru \u00een Echip\u0103<\/strong><\/p>\n\n\n\n<p>Colaborarea eficient\u0103 \u00een cadrul unei echipe este esen\u021bial\u0103 pentru succesul oric\u0103rui angajat. Proiectul Practic promoveaz\u0103 aceast\u0103 competen\u021b\u0103 prin activit\u0103\u021bi de grup, proiecte colaborative \u0219i stagii de practic\u0103 desf\u0103\u0219urate \u00een medii profesionale. Elevii \u00eenva\u021b\u0103 s\u0103 lucreze \u00eempreun\u0103, s\u0103 \u00ee\u0219i respecte colegii \u0219i s\u0103 contribuie activ la atingerea obiectivelor comune.<\/p>\n\n\n\n<p><strong>Concluzie<\/strong><\/p>\n\n\n\n<p>Integrarea acestor cinci competen\u021be esen\u021biale \u00een cadrul unui program de formare profesional\u0103 este vital\u0103 pentru preg\u0103tirea elevilor pentru cerin\u021bele pie\u021bei muncii actuale. Proiectul Practic ofer\u0103 un exemplu de bun\u0103 practic\u0103 prin promovarea acestor abilit\u0103\u021bi \u00een r\u00e2ndul elevilor \u0219i prin colaborarea cu operatori economici care contribuie la dezvoltarea competen\u021belor necesare pentru o carier\u0103 de succes.<\/p>\n","protected":false},"excerpt":{"rendered":"<p>Proiectul Practic, parte a Programului Opera\u021bional Capital Uman 2014-2020, pune un accent deosebit pe dezvoltarea competen\u021belor necesare pentru integrarea elevilor pe pia\u021ba muncii. Pentru a asigura succesul unui program de formare profesional\u0103, este esen\u021bial s\u0103 se \u021bin\u0103 cont de competen\u021bele relevante \u0219i cerute de angajatori \u00een contextul actual al pie\u021bei muncii. \u00cen acest articol, vom [&hellip;]<\/p>\n","protected":false},"author":1,"featured_media":342,"comment_status":"open","ping_status":"open","sticky":false,"template":"","format":"standard","meta":[],"categories":[13],"tags":[],"_links":{"self":[{"href":"https:\/\/proiectpractic.ro\/index.php\/wp-json\/wp\/v2\/posts\/678"}],"collection":[{"href":"https:\/\/proiectpractic.ro\/index.php\/wp-json\/wp\/v2\/posts"}],"about":[{"href":"https:\/\/proiectpractic.ro\/index.php\/wp-json\/wp\/v2\/types\/post"}],"author":[{"embeddable":true,"href":"https:\/\/proiectpractic.ro\/index.php\/wp-json\/wp\/v2\/users\/1"}],"replies":[{"embeddable":true,"href":"https:\/\/proiectpractic.ro\/index.php\/wp-json\/wp\/v2\/comments?post=678"}],"version-history":[{"count":1,"href":"https:\/\/proiectpractic.ro\/index.php\/wp-json\/wp\/v2\/posts\/678\/revisions"}],"predecessor-version":[{"id":679,"href":"https:\/\/proiectpractic.ro\/index.php\/wp-json\/wp\/v2\/posts\/678\/revisions\/679"}],"wp:featuredmedia":[{"embeddable":true,"href":"https:\/\/proiectpractic.ro\/index.php\/wp-json\/wp\/v2\/media\/342"}],"wp:attachment":[{"href":"https:\/\/proiectpractic.ro\/index.php\/wp-json\/wp\/v2\/media?parent=678"}],"wp:term":[{"taxonomy":"category","embeddable":true,"href":"https:\/\/proiectpractic.ro\/index.php\/wp-json\/wp\/v2\/categories?post=678"},{"taxonomy":"post_tag","embeddable":true,"href":"https:\/\/proiectpractic.ro\/index.php\/wp-json\/wp\/v2\/tags?post=678"}],"curies":[{"name":"wp","href":"https:\/\/api.w.org\/{rel}","templated":true}]}}