{"id":667,"date":"2023-02-01T16:14:17","date_gmt":"2023-02-01T16:14:17","guid":{"rendered":"http:\/\/proiectpractic.ro\/?p=667"},"modified":"2024-11-13T16:16:14","modified_gmt":"2024-11-13T16:16:14","slug":"proiectul-practic-cresterea-participarii-elevilor-la-programele-de-invatare-la-locul-de-munca","status":"publish","type":"post","link":"https:\/\/proiectpractic.ro\/index.php\/2023\/02\/01\/proiectul-practic-cresterea-participarii-elevilor-la-programele-de-invatare-la-locul-de-munca\/","title":{"rendered":"Proiectul Practic: Cre\u0219terea Particip\u0103rii Elevilor la Programele de \u00cenv\u0103\u021bare la Locul de Munc\u0103"},"content":{"rendered":"\n<p>Proiectul Practic este un demers important \u00een contextul Programului Opera\u021bional Capital Uman 2014-2020, care urm\u0103re\u0219te s\u0103 creasc\u0103 participarea elevilor din \u00eenv\u0103\u021b\u0103m\u00e2ntul profesional \u0219i tehnic la programe de \u00eenv\u0103\u021bare la locul de munc\u0103. Proiectul r\u0103spunde nevoii de preg\u0103tire practic\u0103 a elevilor, oferindu-le oportunit\u0103\u021bi de a-\u0219i dezvolta abilit\u0103\u021bi profesionale relevante \u0219i de a se integra cu succes pe pia\u021ba muncii.<\/p>\n\n\n\n<p><strong>Importan\u021ba \u00cenv\u0103\u021b\u0103rii la Locul de Munc\u0103<\/strong><\/p>\n\n\n\n<p>\u00cenv\u0103\u021barea la locul de munc\u0103 reprezint\u0103 o component\u0103 esen\u021bial\u0103 \u00een formarea profesional\u0103 a elevilor, oferindu-le posibilitatea de a aplica cuno\u0219tin\u021bele teoretice \u00eentr-un context practic. Prin implicarea \u00een activit\u0103\u021bi reale, elevii au ocazia s\u0103-\u0219i dezvolte competen\u021bele tehnice \u0219i s\u0103 dob\u00e2ndeasc\u0103 o \u00een\u021belegere mai profund\u0103 a cerin\u021belor \u0219i provoc\u0103rilor de pe pia\u021ba muncii.<\/p>\n\n\n\n<p><strong>Activit\u0103\u021bile Proiectului Practic<\/strong><\/p>\n\n\n\n<p>Proiectul Practic ofer\u0103 elevilor acces la o serie de activit\u0103\u021bi care au rolul de a le \u00eembun\u0103t\u0103\u021bi competen\u021bele profesionale \u0219i de a cre\u0219te gradul de participare la programele de \u00eenv\u0103\u021bare la locul de munc\u0103. Printre aceste activit\u0103\u021bi se num\u0103r\u0103 organizarea de stagii de practic\u0103 \u00een parteneriat cu operatori economici din domenii relevante, participarea la t\u00e2rguri \u0219i concursuri de profil, precum \u0219i sesiuni de consiliere \u0219i orientare profesional\u0103.<\/p>\n\n\n\n<p>Stagiile de practic\u0103 permit elevilor s\u0103 \u00een\u021beleag\u0103 mai bine cerin\u021bele pie\u021bei muncii, s\u0103 interac\u021bioneze direct cu profesioni\u0219ti din domeniul lor de interes \u0219i s\u0103 \u00ee\u0219i dezvolte abilit\u0103\u021bi esen\u021biale pentru viitoarele cariere. Aceste experien\u021be sunt esen\u021biale pentru cre\u0219terea \u00eencrederii \u00een sine \u0219i pentru dezvoltarea unor competen\u021be care le vor facilita integrarea pe pia\u021ba muncii.<\/p>\n\n\n\n<p><strong>Cre\u0219terea Particip\u0103rii Elevilor<\/strong><\/p>\n\n\n\n<p>Un obiectiv central al Proiectului Practic este cre\u0219terea num\u0103rului de elevi care particip\u0103 la programe de \u00eenv\u0103\u021bare la locul de munc\u0103. Prin colaborarea cu angajatorii \u0219i adaptarea programelor de practic\u0103 la nevoile pie\u021bei, proiectul contribuie la cre\u0219terea atractivit\u0103\u021bii acestor programe pentru elevi. Participarea activ\u0103 le ofer\u0103 elevilor oportunit\u0103\u021bi de \u00eenv\u0103\u021bare unice \u0219i relevante pentru viitorul lor profesional.<\/p>\n\n\n\n<p>Pentru a sprijini aceast\u0103 participare, proiectul pune accent pe organizarea de activit\u0103\u021bi care s\u0103 stimuleze interesul \u0219i implicarea elevilor. Workshop-urile motiva\u021bionale, sesiunile de consiliere \u0219i orientare profesional\u0103, precum \u0219i participarea la evenimentele dedicate educa\u021biei \u0219i form\u0103rii contribuie la \u00eembun\u0103t\u0103\u021birea perspectivelor de carier\u0103 ale tinerilor.<\/p>\n\n\n\n<p><strong>Concluzie<\/strong><\/p>\n\n\n\n<p>Proiectul Practic are un impact pozitiv semnificativ asupra cre\u0219terii particip\u0103rii elevilor la programele de \u00eenv\u0103\u021bare la locul de munc\u0103. Prin activit\u0103\u021bile sale, proiectul contribuie la dezvoltarea profesional\u0103 a tinerilor, sprijinindu-i \u00een tranzi\u021bia de la educa\u021bie la carier\u0103 \u0219i facilit\u00e2nd integrarea lor pe pia\u021ba muncii.<\/p>\n","protected":false},"excerpt":{"rendered":"<p>Proiectul Practic este un demers important \u00een contextul Programului Opera\u021bional Capital Uman 2014-2020, care urm\u0103re\u0219te s\u0103 creasc\u0103 participarea elevilor din \u00eenv\u0103\u021b\u0103m\u00e2ntul profesional \u0219i tehnic la programe de \u00eenv\u0103\u021bare la locul de munc\u0103. Proiectul r\u0103spunde nevoii de preg\u0103tire practic\u0103 a elevilor, oferindu-le oportunit\u0103\u021bi de a-\u0219i dezvolta abilit\u0103\u021bi profesionale relevante \u0219i de a se integra cu succes [&hellip;]<\/p>\n","protected":false},"author":1,"featured_media":555,"comment_status":"open","ping_status":"open","sticky":false,"template":"","format":"standard","meta":[],"categories":[13],"tags":[],"_links":{"self":[{"href":"https:\/\/proiectpractic.ro\/index.php\/wp-json\/wp\/v2\/posts\/667"}],"collection":[{"href":"https:\/\/proiectpractic.ro\/index.php\/wp-json\/wp\/v2\/posts"}],"about":[{"href":"https:\/\/proiectpractic.ro\/index.php\/wp-json\/wp\/v2\/types\/post"}],"author":[{"embeddable":true,"href":"https:\/\/proiectpractic.ro\/index.php\/wp-json\/wp\/v2\/users\/1"}],"replies":[{"embeddable":true,"href":"https:\/\/proiectpractic.ro\/index.php\/wp-json\/wp\/v2\/comments?post=667"}],"version-history":[{"count":1,"href":"https:\/\/proiectpractic.ro\/index.php\/wp-json\/wp\/v2\/posts\/667\/revisions"}],"predecessor-version":[{"id":668,"href":"https:\/\/proiectpractic.ro\/index.php\/wp-json\/wp\/v2\/posts\/667\/revisions\/668"}],"wp:featuredmedia":[{"embeddable":true,"href":"https:\/\/proiectpractic.ro\/index.php\/wp-json\/wp\/v2\/media\/555"}],"wp:attachment":[{"href":"https:\/\/proiectpractic.ro\/index.php\/wp-json\/wp\/v2\/media?parent=667"}],"wp:term":[{"taxonomy":"category","embeddable":true,"href":"https:\/\/proiectpractic.ro\/index.php\/wp-json\/wp\/v2\/categories?post=667"},{"taxonomy":"post_tag","embeddable":true,"href":"https:\/\/proiectpractic.ro\/index.php\/wp-json\/wp\/v2\/tags?post=667"}],"curies":[{"name":"wp","href":"https:\/\/api.w.org\/{rel}","templated":true}]}}