{"id":665,"date":"2022-12-13T16:12:58","date_gmt":"2022-12-13T16:12:58","guid":{"rendered":"http:\/\/proiectpractic.ro\/?p=665"},"modified":"2024-11-13T16:14:07","modified_gmt":"2024-11-13T16:14:07","slug":"proiectul-practic-facilitarea-trecerii-de-la-educatie-la-munca-si-consolidarea-sistemelor-de-educatie-si-formare-profesionala","status":"publish","type":"post","link":"https:\/\/proiectpractic.ro\/index.php\/2022\/12\/13\/proiectul-practic-facilitarea-trecerii-de-la-educatie-la-munca-si-consolidarea-sistemelor-de-educatie-si-formare-profesionala\/","title":{"rendered":"Proiectul Practic: Facilitarea trecerii de la educa\u021bie la munc\u0103 \u0219i consolidarea sistemelor de educa\u021bie \u0219i formare profesional\u0103"},"content":{"rendered":"\n<p>Proiectul Practic, derulat \u00een cadrul Programului Opera\u021bional Capital Uman 2014-2020, are ca obiectiv principal s\u0103 sprijine elevii din \u00eenv\u0103\u021b\u0103m\u00e2ntul profesional \u0219i liceal \u00een tranzi\u021bia c\u0103tre pia\u021ba muncii. Prin activit\u0103\u021bile sale, acesta urm\u0103re\u0219te consolidarea sistemelor de educa\u021bie \u0219i formare profesional\u0103, asigur\u00e2nd o leg\u0103tur\u0103 mai str\u00e2ns\u0103 \u00eentre educa\u021bie \u0219i cerin\u021bele actuale ale pie\u021bei muncii.<\/p>\n\n\n\n<p><strong>Facilitarea trecerii de la educa\u021bie la munc\u0103<\/strong><\/p>\n\n\n\n<p>Unul dintre obiectivele esen\u021biale ale Proiectului Practic este facilitarea trecerii de la educa\u021bie la munc\u0103 pentru elevii din \u00eenv\u0103\u021b\u0103m\u00e2ntul profesional \u0219i tehnic. Proiectul ofer\u0103 sprijin prin organizarea de stagii de practic\u0103 \u00een colaborare cu operatori economici din diverse sectoare de activitate. Aceste stagii permit elevilor s\u0103 acumuleze experien\u021b\u0103 practic\u0103 \u0219i s\u0103 \u00ee\u0219i dezvolte competen\u021bele necesare pentru integrarea rapid\u0103 \u0219i eficient\u0103 \u00een c\u00e2mpul muncii.<\/p>\n\n\n\n<p><strong>Consolidarea sistemelor de educa\u021bie \u0219i formare profesional\u0103<\/strong><\/p>\n\n\n\n<p>Proiectul contribuie la consolidarea sistemelor de educa\u021bie \u0219i formare profesional\u0103 prin crearea de parteneriate \u00eentre institu\u021biile de \u00eenv\u0103\u021b\u0103m\u00e2nt \u0219i mediul de afaceri. Colaborarea cu angajatorii asigur\u0103 relevan\u021ba programelor de formare \u0219i le permite elevilor s\u0103 dob\u00e2ndeasc\u0103 competen\u021be practice adaptate nevoilor reale ale pie\u021bei muncii.<\/p>\n\n\n\n<p>Activit\u0103\u021bile desf\u0103\u0219urate includ, de asemenea, servicii de consiliere \u0219i orientare profesional\u0103, care ajut\u0103 elevii s\u0103 \u00ee\u0219i clarifice obiectivele profesionale \u0219i s\u0103 se preg\u0103teasc\u0103 pentru cariere de succes. Prin sesiuni de consiliere individual\u0103 \u0219i ateliere, proiectul sprijin\u0103 dezvoltarea abilit\u0103\u021bilor necesare pentru o tranzi\u021bie lin\u0103 de la educa\u021bie la munc\u0103.<\/p>\n\n\n\n<p><strong>Calitatea educa\u021biei \u0219i form\u0103rii profesionale<\/strong><\/p>\n\n\n\n<p>Calitatea sistemelor de educa\u021bie \u0219i formare profesional\u0103 este un element central al Proiectului Practic. Prin adaptarea curriculumului la cerin\u021bele pie\u021bei \u0219i organizarea de activit\u0103\u021bi practice relevante, proiectul \u00ee\u0219i propune s\u0103 creasc\u0103 competitivitatea absolven\u021bilor. \u00cembun\u0103t\u0103\u021birea calit\u0103\u021bii form\u0103rii se realizeaz\u0103 \u0219i prin participarea elevilor la t\u00e2rguri \u0219i concursuri de profil, care le ofer\u0103 oportunitatea de a demonstra \u0219i perfec\u021biona abilit\u0103\u021bile dob\u00e2ndite.<\/p>\n\n\n\n<p><strong>Concluzie<\/strong><\/p>\n\n\n\n<p>Proiectul Practic reprezint\u0103 un exemplu de bune practici \u00een ceea ce prive\u0219te facilitarea tranzi\u021biei de la educa\u021bie la munc\u0103 \u0219i consolidarea sistemelor de educa\u021bie \u0219i formare profesional\u0103. Prin parteneriatele stabilite \u0219i activit\u0103\u021bile desf\u0103\u0219urate, acesta contribuie la dezvoltarea profesional\u0103 a elevilor \u0219i la crearea unui sistem de educa\u021bie mai adaptat la nevoile pie\u021bei.<\/p>\n","protected":false},"excerpt":{"rendered":"<p>Proiectul Practic, derulat \u00een cadrul Programului Opera\u021bional Capital Uman 2014-2020, are ca obiectiv principal s\u0103 sprijine elevii din \u00eenv\u0103\u021b\u0103m\u00e2ntul profesional \u0219i liceal \u00een tranzi\u021bia c\u0103tre pia\u021ba muncii. Prin activit\u0103\u021bile sale, acesta urm\u0103re\u0219te consolidarea sistemelor de educa\u021bie \u0219i formare profesional\u0103, asigur\u00e2nd o leg\u0103tur\u0103 mai str\u00e2ns\u0103 \u00eentre educa\u021bie \u0219i cerin\u021bele actuale ale pie\u021bei muncii. Facilitarea trecerii de [&hellip;]<\/p>\n","protected":false},"author":1,"featured_media":556,"comment_status":"open","ping_status":"open","sticky":false,"template":"","format":"standard","meta":[],"categories":[13],"tags":[],"_links":{"self":[{"href":"https:\/\/proiectpractic.ro\/index.php\/wp-json\/wp\/v2\/posts\/665"}],"collection":[{"href":"https:\/\/proiectpractic.ro\/index.php\/wp-json\/wp\/v2\/posts"}],"about":[{"href":"https:\/\/proiectpractic.ro\/index.php\/wp-json\/wp\/v2\/types\/post"}],"author":[{"embeddable":true,"href":"https:\/\/proiectpractic.ro\/index.php\/wp-json\/wp\/v2\/users\/1"}],"replies":[{"embeddable":true,"href":"https:\/\/proiectpractic.ro\/index.php\/wp-json\/wp\/v2\/comments?post=665"}],"version-history":[{"count":1,"href":"https:\/\/proiectpractic.ro\/index.php\/wp-json\/wp\/v2\/posts\/665\/revisions"}],"predecessor-version":[{"id":666,"href":"https:\/\/proiectpractic.ro\/index.php\/wp-json\/wp\/v2\/posts\/665\/revisions\/666"}],"wp:featuredmedia":[{"embeddable":true,"href":"https:\/\/proiectpractic.ro\/index.php\/wp-json\/wp\/v2\/media\/556"}],"wp:attachment":[{"href":"https:\/\/proiectpractic.ro\/index.php\/wp-json\/wp\/v2\/media?parent=665"}],"wp:term":[{"taxonomy":"category","embeddable":true,"href":"https:\/\/proiectpractic.ro\/index.php\/wp-json\/wp\/v2\/categories?post=665"},{"taxonomy":"post_tag","embeddable":true,"href":"https:\/\/proiectpractic.ro\/index.php\/wp-json\/wp\/v2\/tags?post=665"}],"curies":[{"name":"wp","href":"https:\/\/api.w.org\/{rel}","templated":true}]}}